{"id":27474,"date":"2023-08-07T19:41:19","date_gmt":"2023-08-07T19:41:19","guid":{"rendered":"https:\/\/sbpt.org.br\/portal\/?p=27474"},"modified":"2023-08-07T19:41:19","modified_gmt":"2023-08-07T19:41:19","slug":"recomendacoes-tb-2023","status":"publish","type":"post","link":"https:\/\/sbpt.org.br\/portal\/recomendacoes-tb-2023\/","title":{"rendered":"Novas Recomenda\u00e7\u00f5es para o Manejo da Doen\u00e7a Pulmonar P\u00f3s-Tuberculose s\u00e3o aprovadas, em plen\u00e1ria do grupo TB Experts, durante o Congresso da SBPT, em Curitiba."},"content":{"rendered":"\n<p>Em 02 de agosto de 2023, o centro de conven\u00e7\u00f5es Via Soft em Curitiba, Paran\u00e1, foi palco de grandes avan\u00e7os no campo da pneumologia. Durante o XIII Congresso Brasileiro de Asma, X Congresso Brasileiro de DPOC e Tabagismo e o II Congresso Paranaense de Pneumologia e Tisiologia, foi realizada uma plen\u00e1ria com um prop\u00f3sito singular: aprovar as Recomenda\u00e7\u00f5es para o Manejo da Doen\u00e7a Pulmonar P\u00f3s-Tuberculose.<\/p>\n<figure id=\"attachment_27475\" aria-describedby=\"caption-attachment-27475\" style=\"width: 300px\" class=\"wp-caption alignleft\"><a href=\"https:\/\/d1xe7tfg0uwul9.cloudfront.net\/sbpt-portal\/wp-content\/uploads\/2023\/08\/participantes_manejo_tb.png\"><img loading=\"lazy\" decoding=\"async\" class=\"wp-image-27475 size-medium\" src=\"https:\/\/d1xe7tfg0uwul9.cloudfront.net\/sbpt-portal\/wp-content\/uploads\/2023\/08\/participantes_manejo_tb-300x198.png\" alt=\"Membros da Comiss\u00e3o de Tuberculose, durante a reuni\u00e3o do grupo TB Experts em Curitiba\" width=\"300\" height=\"198\" srcset=\"https:\/\/d1xe7tfg0uwul9.cloudfront.net\/sbpt-portal\/wp-content\/uploads\/2023\/08\/participantes_manejo_tb-300x198.png 300w, https:\/\/d1xe7tfg0uwul9.cloudfront.net\/sbpt-portal\/wp-content\/uploads\/2023\/08\/participantes_manejo_tb.png 536w\" sizes=\"auto, (max-width: 300px) 100vw, 300px\" \/><\/a><figcaption id=\"caption-attachment-27475\" class=\"wp-caption-text\">Membros da Comiss\u00e3o de Tuberculose, durante a reuni\u00e3o do grupo TB Experts em Curitiba.<\/figcaption><\/figure>\n<p>As recomenda\u00e7\u00f5es foram desenvolvidas pela Comiss\u00e3o de Tuberculose da<br \/>Sociedade Brasileira de Pneumologia e Tisiologia (SBPT), com a contribui\u00e7\u00e3o especial do respeitado Dr. Giovanni Battista Migliori. O Dr. Migliori, com sua vasta experi\u00eancia internacional no campo das doen\u00e7as pulmonares e tuberculose, trouxe um valioso conhecimento para a formula\u00e7\u00e3o das recomenda\u00e7\u00f5es.<\/p>\n<p>Os novos protocolos aprovados estar\u00e3o dispon\u00edveis em breve e t\u00eam como objetivo melhorar a qualidade e a efic\u00e1cia do cuidado a pacientes com doen\u00e7a pulmonar p\u00f3s-tuberculose, ao fornecer recomenda\u00e7\u00f5es claras e atualizadas para o manejo dessa condi\u00e7\u00e3o.<\/p>\n<p>A publica\u00e7\u00e3o dessas recomenda\u00e7\u00f5es representa uma significativa vit\u00f3ria para os profissionais de sa\u00fade e os pacientes que lidam com essa condi\u00e7\u00e3o. Com estas recomenda\u00e7\u00f5es atualizadas, os profissionais de sa\u00fade estar\u00e3o mais bem equipados para tratar de forma mais eficaz os pacientes, potencialmente melhorando sua qualidade de vida e seus resultados a longo prazo.<\/p>\n<p>Os autores desse documento s\u00e3o: Denise Rossato Silva; Ana Paula Santos; Dina Visca;Sidney Bombarda; Margareth Maria Pretti Dalcolmo; Tatiana Senna Galv\u00e3o; Silvana Sp\u00edndola de Miranda; Marcelo Fouad Rabahi; Roberta Karla Barbosa de Sales; Giovanni Battista Migliori e Fernanda Carvalho de Queiroz Mello.<\/p>\n<p>\u00a0<\/p>\n<figure id=\"attachment_27480\" aria-describedby=\"caption-attachment-27480\" style=\"width: 235px\" class=\"wp-caption aligncenter\"><a href=\"https:\/\/d1xe7tfg0uwul9.cloudfront.net\/sbpt-portal\/wp-content\/uploads\/2023\/08\/cong_asma_01.jpg\"><img loading=\"lazy\" decoding=\"async\" class=\"wp-image-27480 size-medium\" src=\"https:\/\/d1xe7tfg0uwul9.cloudfront.net\/sbpt-portal\/wp-content\/uploads\/2023\/08\/cong_asma_01-235x300.jpg\" alt=\"\" width=\"235\" height=\"300\" srcset=\"https:\/\/d1xe7tfg0uwul9.cloudfront.net\/sbpt-portal\/wp-content\/uploads\/2023\/08\/cong_asma_01-235x300.jpg 235w, https:\/\/d1xe7tfg0uwul9.cloudfront.net\/sbpt-portal\/wp-content\/uploads\/2023\/08\/cong_asma_01.jpg 300w\" sizes=\"auto, (max-width: 235px) 100vw, 235px\" \/><\/a><figcaption id=\"caption-attachment-27480\" class=\"wp-caption-text\">Da esquerda: Sidney Bombarda (SP), Dra. Tatiana Senna (BA), Dr. Dante Escuissato (PR), Dra. Fernanda Melo (RJ), Dra. Margareth Dalcolmo (RJ) e Dr. Marcelo Rabahi (GO), durante a reuni\u00e3o do grupo TB Experts, em Curitiba.<\/figcaption><\/figure>\n<!-- AddThis Advanced Settings generic via filter on the_content --><!-- AddThis Share Buttons generic via filter on the_content -->","protected":false},"excerpt":{"rendered":"<p><!-- AddThis Advanced Settings generic via filter on get_the_excerpt --><!-- AddThis Share Buttons generic via filter on get_the_excerpt --><\/p>\n","protected":false},"author":2,"featured_media":27477,"comment_status":"closed","ping_status":"open","sticky":false,"template":"","format":"standard","meta":{"_acf_changed":false,"ngg_post_thumbnail":0,"footnotes":""},"categories":[68],"tags":[595,1359,1360,77],"class_list":["post-27474","post","type-post","status-publish","format-standard","has-post-thumbnail","hentry","category-noticias","tag-congresso-de-asma","tag-doenca-pulmonar","tag-manejo-de-tb","tag-tuberculose"],"acf":[],"_links":{"self":[{"href":"https:\/\/sbpt.org.br\/portal\/wp-json\/wp\/v2\/posts\/27474","targetHints":{"allow":["GET"]}}],"collection":[{"href":"https:\/\/sbpt.org.br\/portal\/wp-json\/wp\/v2\/posts"}],"about":[{"href":"https:\/\/sbpt.org.br\/portal\/wp-json\/wp\/v2\/types\/post"}],"author":[{"embeddable":true,"href":"https:\/\/sbpt.org.br\/portal\/wp-json\/wp\/v2\/users\/2"}],"replies":[{"embeddable":true,"href":"https:\/\/sbpt.org.br\/portal\/wp-json\/wp\/v2\/comments?post=27474"}],"version-history":[{"count":0,"href":"https:\/\/sbpt.org.br\/portal\/wp-json\/wp\/v2\/posts\/27474\/revisions"}],"wp:featuredmedia":[{"embeddable":true,"href":"https:\/\/sbpt.org.br\/portal\/wp-json\/wp\/v2\/media\/27477"}],"wp:attachment":[{"href":"https:\/\/sbpt.org.br\/portal\/wp-json\/wp\/v2\/media?parent=27474"}],"wp:term":[{"taxonomy":"category","embeddable":true,"href":"https:\/\/sbpt.org.br\/portal\/wp-json\/wp\/v2\/categories?post=27474"},{"taxonomy":"post_tag","embeddable":true,"href":"https:\/\/sbpt.org.br\/portal\/wp-json\/wp\/v2\/tags?post=27474"}],"curies":[{"name":"wp","href":"https:\/\/api.w.org\/{rel}","templated":true}]}}