{"id":26956,"date":"2023-05-29T19:42:18","date_gmt":"2023-05-29T19:42:18","guid":{"rendered":"https:\/\/sbpt.org.br\/portal\/?p=26956"},"modified":"2023-05-29T19:42:18","modified_gmt":"2023-05-29T19:42:18","slug":"anvisa-nota-tecnica-cigarros-eletronicos","status":"publish","type":"post","link":"https:\/\/sbpt.org.br\/portal\/anvisa-nota-tecnica-cigarros-eletronicos\/","title":{"rendered":"Anvisa publica nota t\u00e9cnica sobre a proibi\u00e7\u00e3o do uso de cigarros eletr\u00f4nicos em ambientes fechados"},"content":{"rendered":"<p style=\"text-align: justify\">Em 22\/05\/2023, a Ger\u00eancia-Geral de Registro e Fiscaliza\u00e7\u00e3o de Produtos Fum\u00edgenos Derivados ou N\u00e3o do Tabaco (GGTAB), da Ag\u00eancia Nacional de Vigil\u00e2ncia Sanit\u00e1ria (Anvisa), publicou uma <a href=\"https:\/\/d1xe7tfg0uwul9.cloudfront.net\/sbpt-portal\/wp-content\/uploads\/2023\/05\/NT-30-_-2023-GGTAB_DIRE3.pdf\" target=\"_blank\" rel=\"noopener noreferrer\">nota t\u00e9cnica<\/a> com o objetivo de orientar as a\u00e7\u00f5es de fiscaliza\u00e7\u00e3o do uso de Dispositivos Eletr\u00f4nicos Para Fumar (DEF) em ambientes fechados.<\/p>\n<p style=\"text-align: justify\">Na nota, os especialistas refor\u00e7am que, em concord\u00e2ncia com a Lei n\u00ba 9294\/1996, qualquer produto derivado ou n\u00e3o do tabaco, registrado ou n\u00e3o na Anvisa, que libere emiss\u00f5es de qualquer natureza tem seu uso tacitamente proibido pela referida Lei em recinto coletivo fechado, privado ou p\u00fablico.<\/p>\n<p style=\"text-align: justify\">&#8220;As emiss\u00f5es destes produtos, apesar de chamados por alguns de vapor (ou vape) s\u00e3o, na verdade, aerodispersoides (&#8230;). Desta forma, tanto do ponto de vista das caracter\u00edsticas f\u00edsicas das emiss\u00f5es, quanto do ponto de vista toxicol\u00f3gico, as emiss\u00f5es de um cigarro (ou qualquer outro produto de tabaco tradicional), e as de um DEF (seja cigarro eletr\u00f4nico com refis l\u00edquidos ou produto de tabaco aquecido) devem ser tratadas da mesma forma, pois al\u00e9m de serem produtos fum\u00edgenos, suas emiss\u00f5es s\u00e3o aerodispersoides e possuem componentes qu\u00edmicos que s\u00e3o potencialmente danosos \u00e0 sa\u00fade e ao meio ambiente&#8221;, escreveram os t\u00e9cnicos da GGTAB.<\/p>\n<p style=\"text-align: justify\">Esta foi uma das demandas tratadas em <a href=\"https:\/\/sbpt.org.br\/portal\/\/sbpt-controle-tabagismo-2023\/\" target=\"_blank\" rel=\"noopener noreferrer\">reuni\u00e3o no dia 03\/05\/2023<\/a> com a Comiss\u00e3o Cient\u00edfica de Tabagismo da SBPT e Alian\u00e7a de Controle do Tabagismo (ACT Promo\u00e7\u00e3o da Sa\u00fade).<\/p>\n<p style=\"text-align: center\"><a href=\"https:\/\/d1xe7tfg0uwul9.cloudfront.net\/sbpt-portal\/wp-content\/uploads\/2023\/05\/NT-30-_-2023-GGTAB_DIRE3.pdf\" target=\"_blank\" rel=\"noopener noreferrer\">Leia aqui &#8211; Nota T\u00e9cnica n\u00ba 30<\/a><a href=\"https:\/\/d1xe7tfg0uwul9.cloudfront.net\/sbpt-portal\/wp-content\/uploads\/2023\/05\/NT-30-_-2023-GGTAB_DIRE3.pdf\" target=\"_blank\" rel=\"noopener noreferrer\">\/2023\/SEI\/GGTAB\/DIRE3\/ANVISA.<\/a><\/p>\n<!-- AddThis Advanced Settings generic via filter on the_content --><!-- AddThis Share Buttons generic via filter on the_content -->","protected":false},"excerpt":{"rendered":"<p>Em 22\/05\/2023, a Ger\u00eancia-Geral de Registro e Fiscaliza\u00e7\u00e3o de Produtos Fum\u00edgenos Derivados ou N\u00e3o do Tabaco (GGTAB), da Ag\u00eancia Nacional de Vigil\u00e2ncia Sanit\u00e1ria (Anvisa), publicou uma nota t\u00e9cnica com o objetivo de orientar as a\u00e7\u00f5es de fiscaliza\u00e7\u00e3o do uso de Dispositivos Eletr\u00f4nicos Para Fumar (DEF) em ambientes fechados. Na nota, os especialistas refor\u00e7am que, em [&hellip;]<!-- AddThis Advanced Settings generic via filter on get_the_excerpt --><!-- AddThis Share Buttons generic via filter on get_the_excerpt --><\/p>\n","protected":false},"author":3,"featured_media":25957,"comment_status":"closed","ping_status":"open","sticky":false,"template":"","format":"standard","meta":{"_acf_changed":false,"ngg_post_thumbnail":0,"footnotes":""},"categories":[68],"tags":[552,746,1324,91],"class_list":["post-26956","post","type-post","status-publish","format-standard","has-post-thumbnail","hentry","category-noticias","tag-act","tag-def","tag-ggtab","tag-tabagismo"],"acf":[],"_links":{"self":[{"href":"https:\/\/sbpt.org.br\/portal\/wp-json\/wp\/v2\/posts\/26956","targetHints":{"allow":["GET"]}}],"collection":[{"href":"https:\/\/sbpt.org.br\/portal\/wp-json\/wp\/v2\/posts"}],"about":[{"href":"https:\/\/sbpt.org.br\/portal\/wp-json\/wp\/v2\/types\/post"}],"author":[{"embeddable":true,"href":"https:\/\/sbpt.org.br\/portal\/wp-json\/wp\/v2\/users\/3"}],"replies":[{"embeddable":true,"href":"https:\/\/sbpt.org.br\/portal\/wp-json\/wp\/v2\/comments?post=26956"}],"version-history":[{"count":0,"href":"https:\/\/sbpt.org.br\/portal\/wp-json\/wp\/v2\/posts\/26956\/revisions"}],"wp:featuredmedia":[{"embeddable":true,"href":"https:\/\/sbpt.org.br\/portal\/wp-json\/wp\/v2\/media\/25957"}],"wp:attachment":[{"href":"https:\/\/sbpt.org.br\/portal\/wp-json\/wp\/v2\/media?parent=26956"}],"wp:term":[{"taxonomy":"category","embeddable":true,"href":"https:\/\/sbpt.org.br\/portal\/wp-json\/wp\/v2\/categories?post=26956"},{"taxonomy":"post_tag","embeddable":true,"href":"https:\/\/sbpt.org.br\/portal\/wp-json\/wp\/v2\/tags?post=26956"}],"curies":[{"name":"wp","href":"https:\/\/api.w.org\/{rel}","templated":true}]}}