{"id":26620,"date":"2023-05-08T20:09:25","date_gmt":"2023-05-08T20:09:25","guid":{"rendered":"https:\/\/sbpt.org.br\/portal\/?p=26620"},"modified":"2023-05-08T20:09:25","modified_gmt":"2023-05-08T20:09:25","slug":"sbpt-controle-tabagismo-2023","status":"publish","type":"post","link":"https:\/\/sbpt.org.br\/portal\/sbpt-controle-tabagismo-2023\/","title":{"rendered":"Comiss\u00e3o Cient\u00edfica de Tabagismo da SBPT cumpre agenda de advocacy pelo controle do tabaco"},"content":{"rendered":"<p style=\"text-align: justify\">Em abril e maio de 2023, a SBPT atuou junto \u00e0 C\u00e2mara dos Deputados, \u00e0 Ag\u00eancia Nacional de Vigil\u00e2ncia Sanit\u00e1ria (Anvisa) e \u00e0 Secretaria da Presid\u00eancia da Rep\u00fablica para discutir pol\u00edticas de controle do tabaco no Brasil.<\/p>\n<p style=\"text-align: justify\">No dia 03\/05, o Secret\u00e1rio-Geral da SBPT, Dr. Ricardo Martins, e o coordenador da Comiss\u00e3o Cient\u00edfica de Tabagismo da Sociedade, Dr. Paulo Corr\u00eaa, participaram do Encontro &#8220;Por Um Brasil Mais Saud\u00e1vel&#8221;, promovido pela Alian\u00e7a de Controle do Tabagismo &#8211; ACT Promo\u00e7\u00e3o da Sa\u00fade, com o objetivo de avan\u00e7ar na preven\u00e7\u00e3o de doen\u00e7as cr\u00f4nicas n\u00e3o transmiss\u00edveis.<\/p>\n<p style=\"text-align: justify\">O debate foi seguido de um caf\u00e9 da manh\u00e3 coordenado pelo Deputado Federal, Paulo Foletto, com a presen\u00e7a de N\u00e9sio Fernandes de Medeiros Junior, do Minist\u00e9rio da Sa\u00fade, Jos\u00e9 Gomes Tempor\u00e3o, Ex-ministro da Sa\u00fade, al\u00e9m de Paula Johns e Elisa Prieto, representando a Organiza\u00e7\u00e3o Pan-americana de Sa\u00fade (OPAS\/OMS).<\/p>\n<p style=\"text-align: justify\">&#8220;Na ocasi\u00e3o, pudemos reivindicar que a reforma tribut\u00e1ria considere aumentar a tributa\u00e7\u00e3o de alimentos, bebidas e produtos n\u00e3o saud\u00e1veis, como a\u00e7ucarados, ultraprocessados, produtos do \u00e1lcool e do tabaco. O imposto seletivo para produtos que fazem mal \u00e0 sa\u00fade e a desonera\u00e7\u00e3o de produtos saud\u00e1veis, como os alimentos org\u00e2nicos, \u00e9 essencial para inverter a atual e deturpada l\u00f3gica do sistema&#8221;, informou o Dr. Paulo Corr\u00eaa, coordenador da Comiss\u00e3o Cient\u00edfica de Tabagismo da SBPT.<\/p>\n<figure id=\"attachment_26625\" aria-describedby=\"caption-attachment-26625\" style=\"width: 300px\" class=\"wp-caption aligncenter\"><a href=\"https:\/\/d1xe7tfg0uwul9.cloudfront.net\/sbpt-portal\/wp-content\/uploads\/2023\/05\/reuni\u00e3o_3_5_Paulo_Correa_Ricardo_Martins.jpeg\"><img loading=\"lazy\" decoding=\"async\" class=\"wp-image-26625 size-medium\" src=\"https:\/\/d1xe7tfg0uwul9.cloudfront.net\/sbpt-portal\/wp-content\/uploads\/2023\/05\/reuni\u00e3o_3_5_Paulo_Correa_Ricardo_Martins-300x225.jpeg\" alt=\"\" width=\"300\" height=\"225\" \/><\/a><figcaption id=\"caption-attachment-26625\" class=\"wp-caption-text\">Dr. Paulo Corr\u00eaa foi um dos representantes da SBPT na reuni\u00e3o organizada pela ACT Promo\u00e7\u00e3o da Sa\u00fade<\/figcaption><\/figure>\n<p style=\"text-align: justify\">Junto \u00e0 Anvisa, o Dr. Paulo Corr\u00eaa manifestou a necessidade de finalizar o processo regulat\u00f3rio e proibir de vez os dispositivos eletr\u00f4nicos para fumar (DEFs) e cigarros de tabaco aquecido no Brasil. A SBPT tamb\u00e9m demandou que haja mais fiscaliza\u00e7\u00e3o e prioridade para proibir de forma definitiva o uso de DEFs e o cigarro de tabaco aquecido.<\/p>\n<figure id=\"attachment_26626\" aria-describedby=\"caption-attachment-26626\" style=\"width: 300px\" class=\"wp-caption aligncenter\"><a href=\"https:\/\/d1xe7tfg0uwul9.cloudfront.net\/sbpt-portal\/wp-content\/uploads\/2023\/05\/reuniao_anvisa_paulo_correa.jpeg\"><img loading=\"lazy\" decoding=\"async\" class=\"wp-image-26626 size-medium\" src=\"https:\/\/d1xe7tfg0uwul9.cloudfront.net\/sbpt-portal\/wp-content\/uploads\/2023\/05\/reuniao_anvisa_paulo_correa-300x225.jpeg\" alt=\"\" width=\"300\" height=\"225\" srcset=\"https:\/\/d1xe7tfg0uwul9.cloudfront.net\/sbpt-portal\/wp-content\/uploads\/2023\/05\/reuniao_anvisa_paulo_correa-300x225.jpeg 300w, https:\/\/d1xe7tfg0uwul9.cloudfront.net\/sbpt-portal\/wp-content\/uploads\/2023\/05\/reuniao_anvisa_paulo_correa-768x576.jpeg 768w, https:\/\/d1xe7tfg0uwul9.cloudfront.net\/sbpt-portal\/wp-content\/uploads\/2023\/05\/reuniao_anvisa_paulo_correa.jpeg 1024w\" sizes=\"auto, (max-width: 300px) 100vw, 300px\" \/><\/a><figcaption id=\"caption-attachment-26626\" class=\"wp-caption-text\">Al\u00e9m da SBPT, estiveram presentes na reuni\u00e3o com a Anvisa representantes da ACT Promo\u00e7\u00e3o da Sa\u00fade; da Campaign for Tobacco Free Kids; da The Union; da OPAS\/OMS; do Programa de Pesquisa da Johns Hopkins Bloomberg School of Public Health; da Vital Strategies; da Universidade de Illinois, em Chicago, e da Bloomberg Philanthropies.<\/figcaption><\/figure>\n<p style=\"text-align: justify\">&#8220;Por enquanto, a Anvisa aprovou o relat\u00f3rio t\u00e9cnico elaborado pela Ger\u00eancia-Geral de Registro e Fiscaliza\u00e7\u00e3o de Produtos Fum\u00edgenos (GGTAB). Por\u00e9m, ainda haver\u00e1 nova consulta p\u00fablica em junho para permitir a manifesta\u00e7\u00e3o de agentes internacionais. Por isso, as campanhas contra cigarros eletr\u00f4nicos e de tabaco aquecido precisam continuar&#8221;, enfatizou o especialista.<\/p>\n<figure id=\"attachment_26627\" aria-describedby=\"caption-attachment-26627\" style=\"width: 225px\" class=\"wp-caption aligncenter\"><a href=\"https:\/\/d1xe7tfg0uwul9.cloudfront.net\/sbpt-portal\/wp-content\/uploads\/2023\/05\/reuniao_anvisa_paulo_correa_4_5.jpeg\"><img loading=\"lazy\" decoding=\"async\" class=\"wp-image-26627 size-medium\" src=\"https:\/\/d1xe7tfg0uwul9.cloudfront.net\/sbpt-portal\/wp-content\/uploads\/2023\/05\/reuniao_anvisa_paulo_correa_4_5-225x300.jpeg\" alt=\"\" width=\"225\" height=\"300\" srcset=\"https:\/\/d1xe7tfg0uwul9.cloudfront.net\/sbpt-portal\/wp-content\/uploads\/2023\/05\/reuniao_anvisa_paulo_correa_4_5-225x300.jpeg 225w, https:\/\/d1xe7tfg0uwul9.cloudfront.net\/sbpt-portal\/wp-content\/uploads\/2023\/05\/reuniao_anvisa_paulo_correa_4_5-768x1024.jpeg 768w, https:\/\/d1xe7tfg0uwul9.cloudfront.net\/sbpt-portal\/wp-content\/uploads\/2023\/05\/reuniao_anvisa_paulo_correa_4_5-1152x1536.jpeg 1152w, https:\/\/d1xe7tfg0uwul9.cloudfront.net\/sbpt-portal\/wp-content\/uploads\/2023\/05\/reuniao_anvisa_paulo_correa_4_5.jpeg 1200w\" sizes=\"auto, (max-width: 225px) 100vw, 225px\" \/><\/a><figcaption id=\"caption-attachment-26627\" class=\"wp-caption-text\">Dra. Adriana Carvalho, Diretora Jur\u00eddica da ACT Promo\u00e7\u00e3o da Sa\u00fade, Dr. Paulo Corr\u00eaa, da SBPT, Dr. Fl\u00e1vio Schuch, assessor da Secretaria da Presid\u00eancia da Rep\u00fablica, Luiz Andr\u00e9 Gomes<br \/>Assessor de <em>Advocacy<\/em> da ACT Promo\u00e7\u00e3o da Sa\u00fade, Tain\u00e1 Costa, da Vital Strategies, e Marilia Albiero,<br \/>Coordenadora do Projeto Alimenta\u00e7\u00e3o Saud\u00e1vel da ACT Promo\u00e7\u00e3o da Sa\u00fade.<\/figcaption><\/figure>\n<p style=\"text-align: justify\">Em 04\/05, o Dr. Paulo Corr\u00eaa participou, ainda, de uma reuni\u00e3o com a Assessoria da Secretaria Geral da Presid\u00eancia da Rep\u00fablica, junto \u00e0 ACT e \u00e0 Vital Strategies, para colocar a necessidade do reestabelecimento da Comiss\u00e3o Nacional Para Implementa\u00e7\u00e3o da Conven\u00e7\u00e3o-Quadro no Brasil (Conicq).<\/p>\n<p style=\"text-align: justify\">A SBPT se colocou \u00e0 disposi\u00e7\u00e3o para que o controle do tabagismo seja pauta central do governo, especialmente porque a pr\u00e9-COP \u2013 Confer\u00eancias das Partes da CQCT\/OMS &#8211; ocorrer\u00e1 no Brasil. &#8220;\u00c9 importante que o pa\u00eds volte a ter protagonismo no controle do tabaco, com advocacy e avan\u00e7o das pol\u00edticas p\u00fablicas. Estamos vigilantes&#8221;, sinaliza o Dr. Paulo Corr\u00eaa.<\/p>\n<!-- AddThis Advanced Settings generic via filter on the_content --><!-- AddThis Share Buttons generic via filter on the_content -->","protected":false},"excerpt":{"rendered":"<p>Em abril e maio de 2023, a SBPT atuou junto \u00e0 C\u00e2mara dos Deputados, \u00e0 Ag\u00eancia Nacional de Vigil\u00e2ncia Sanit\u00e1ria (Anvisa) e \u00e0 Secretaria da Presid\u00eancia da Rep\u00fablica para discutir pol\u00edticas de controle do tabaco no Brasil. No dia 03\/05, o Secret\u00e1rio-Geral da SBPT, Dr. Ricardo Martins, e o coordenador da Comiss\u00e3o Cient\u00edfica de Tabagismo [&hellip;]<!-- AddThis Advanced Settings generic via filter on get_the_excerpt --><!-- AddThis Share Buttons generic via filter on get_the_excerpt --><\/p>\n","protected":false},"author":3,"featured_media":26628,"comment_status":"closed","ping_status":"open","sticky":false,"template":"","format":"standard","meta":{"_acf_changed":false,"ngg_post_thumbnail":0,"footnotes":""},"categories":[68],"tags":[552,1181,881,110,111,91],"class_list":["post-26620","post","type-post","status-publish","format-standard","has-post-thumbnail","hentry","category-noticias","tag-act","tag-act-promocao-da-saude","tag-conicq","tag-ministerio-da-saude","tag-sus","tag-tabagismo"],"acf":[],"_links":{"self":[{"href":"https:\/\/sbpt.org.br\/portal\/wp-json\/wp\/v2\/posts\/26620","targetHints":{"allow":["GET"]}}],"collection":[{"href":"https:\/\/sbpt.org.br\/portal\/wp-json\/wp\/v2\/posts"}],"about":[{"href":"https:\/\/sbpt.org.br\/portal\/wp-json\/wp\/v2\/types\/post"}],"author":[{"embeddable":true,"href":"https:\/\/sbpt.org.br\/portal\/wp-json\/wp\/v2\/users\/3"}],"replies":[{"embeddable":true,"href":"https:\/\/sbpt.org.br\/portal\/wp-json\/wp\/v2\/comments?post=26620"}],"version-history":[{"count":0,"href":"https:\/\/sbpt.org.br\/portal\/wp-json\/wp\/v2\/posts\/26620\/revisions"}],"wp:featuredmedia":[{"embeddable":true,"href":"https:\/\/sbpt.org.br\/portal\/wp-json\/wp\/v2\/media\/26628"}],"wp:attachment":[{"href":"https:\/\/sbpt.org.br\/portal\/wp-json\/wp\/v2\/media?parent=26620"}],"wp:term":[{"taxonomy":"category","embeddable":true,"href":"https:\/\/sbpt.org.br\/portal\/wp-json\/wp\/v2\/categories?post=26620"},{"taxonomy":"post_tag","embeddable":true,"href":"https:\/\/sbpt.org.br\/portal\/wp-json\/wp\/v2\/tags?post=26620"}],"curies":[{"name":"wp","href":"https:\/\/api.w.org\/{rel}","templated":true}]}}