{"id":17370,"date":"2020-10-24T00:08:45","date_gmt":"2020-10-24T00:08:45","guid":{"rendered":"https:\/\/sbpt.org.br\/portal\/?p=17370"},"modified":"2020-10-24T00:08:45","modified_gmt":"2020-10-24T00:08:45","slug":"sbpt-virtual-2020-2","status":"publish","type":"post","link":"https:\/\/sbpt.org.br\/portal\/sbpt-virtual-2020-2\/","title":{"rendered":"SBPT Virtual: como foi a edi\u00e7\u00e3o online do Congresso Brasileiro de Pneumologia"},"content":{"rendered":"<p style=\"text-align: justify\">O <a href=\"https:\/\/sbpt.icongressolive.itarget.com.br\/\" target=\"_blank\" rel=\"noopener noreferrer\">SBPT Virtual<\/a> reuniu 3.320 participantes, entre 10 e 12 de outubro de 2020. As inscri\u00e7\u00f5es e as aulas est\u00e3o dispon\u00edveis at\u00e9 13\/01\/2021.<\/p>\n<p style=\"text-align: justify\">Pela primeira vez, a SBPT realizou um Congresso Brasileiro de Pneumologia e Tisiologia transmitido integralmente pela internet. Durante os 3 dias de evento, foram 11.618 acessos individuais \u00e0s mesas redondas, temas livres e simp\u00f3sios sat\u00e9lites.<\/p>\n<p><a href=\"https:\/\/d1xe7tfg0uwul9.cloudfront.net\/sbpt-portal\/wp-content\/uploads\/2020\/10\/mapa-brasil-2.jpg\"><img loading=\"lazy\" decoding=\"async\" class=\"aligncenter size-full wp-image-17508\" src=\"https:\/\/d1xe7tfg0uwul9.cloudfront.net\/sbpt-portal\/wp-content\/uploads\/2020\/10\/mapa-brasil-2.jpg\" alt=\"\" width=\"600\" height=\"600\" srcset=\"https:\/\/d1xe7tfg0uwul9.cloudfront.net\/sbpt-portal\/wp-content\/uploads\/2020\/10\/mapa-brasil-2.jpg 600w, https:\/\/d1xe7tfg0uwul9.cloudfront.net\/sbpt-portal\/wp-content\/uploads\/2020\/10\/mapa-brasil-2-300x300.jpg 300w, https:\/\/d1xe7tfg0uwul9.cloudfront.net\/sbpt-portal\/wp-content\/uploads\/2020\/10\/mapa-brasil-2-150x150.jpg 150w\" sizes=\"auto, (max-width: 600px) 100vw, 600px\" \/><\/a><\/p>\n<p>As sess\u00f5es mais acessadas foram:<\/p>\n<p style=\"text-align: justify\">&#8211; &#8220;Manejo das Exacerba\u00e7\u00f5es Pulmonares Infecciosas na Fibrose C\u00edstica&#8221;, com <strong>673<\/strong> congressistas. Coordena\u00e7\u00e3o: Dr. Marcelo Bicalho de Fuccio (MG). Palestrantes: Dra. M\u00f4nica de C\u00e1ssia Firmida (RJ), Dra. Mariane Gon\u00e7alves Martynychen Canan (PR) e Dr. Paulo de Tarso Roth Dalcin (RS).<\/p>\n<p style=\"text-align: justify\">&#8211; &#8220;Imunobiol\u00f3gicos na Pr\u00e1tica Cl\u00ednica&#8221;, com <strong>663<\/strong> congressistas. Coordena\u00e7\u00e3o: Dr. Benedito Francisco Cabral Junior (DF). Palestrantes: Dr. Jos\u00e9 Eduardo Delfini Can\u00e7ado (SP), Dra. Marina Andrade Lima (SC) e Dra. Regina Maria de Carvalho Pinto (SP).<\/p>\n<p style=\"text-align: justify\">&#8211; &#8220;Doen\u00e7as Intersticiais nas Acometimento Intersticial nas Doen\u00e7as do Tecido Conjuntivo: Sele\u00e7\u00e3o e Indica\u00e7\u00e3o de Tratamento&#8221;, com <strong>607<\/strong> congressistas. Coordena\u00e7\u00e3o: Dr. Bruno Guedes Baldi (SP). Palestrantes: Dra. Mariana Silva Lima (CE), Dr. Jos\u00e9 Ricardo Bandeira de Oliveira Filho (PE) e Dr. Ronaldo Adib Kairalla (SP).<\/p>\n<table>\n<tbody>\n<tr>\n<td width=\"56\">UF<\/td>\n<td width=\"142\">Rela\u00e7\u00e3o entre o total de s\u00f3cios e o n\u00ba de s\u00f3cios inscritos<\/td>\n<\/tr>\n<tr>\n<td width=\"56\">SP<\/td>\n<td width=\"142\">65%<\/td>\n<\/tr>\n<tr>\n<td width=\"56\">RJ<\/td>\n<td width=\"142\">61,6%<\/td>\n<\/tr>\n<tr>\n<td width=\"56\">RS<\/td>\n<td width=\"142\">65,9%<\/td>\n<\/tr>\n<tr>\n<td width=\"56\">MG<\/td>\n<td width=\"142\">70,3%<\/td>\n<\/tr>\n<tr>\n<td width=\"56\">PR<\/td>\n<td width=\"142\">55,4%<\/td>\n<\/tr>\n<tr>\n<td width=\"56\">SC<\/td>\n<td width=\"142\">56,8%<\/td>\n<\/tr>\n<tr>\n<td width=\"56\">BA<\/td>\n<td width=\"142\">61,4%<\/td>\n<\/tr>\n<tr>\n<td width=\"56\">DF<\/td>\n<td width=\"142\">64,8%<\/td>\n<\/tr>\n<tr>\n<td width=\"56\">CE<\/td>\n<td width=\"142\">55,7%<\/td>\n<\/tr>\n<tr>\n<td width=\"56\">GO<\/td>\n<td width=\"142\">47,6%<\/td>\n<\/tr>\n<tr>\n<td width=\"56\">PE<\/td>\n<td width=\"142\">56,8%<\/td>\n<\/tr>\n<tr>\n<td width=\"56\">PB<\/td>\n<td width=\"142\">63,6%<\/td>\n<\/tr>\n<tr>\n<td width=\"56\">ES<\/td>\n<td width=\"142\">64,4%<\/td>\n<\/tr>\n<tr>\n<td width=\"56\">MA<\/td>\n<td width=\"142\">33,8%<\/td>\n<\/tr>\n<tr>\n<td width=\"56\">PA<\/td>\n<td width=\"142\">55,3%<\/td>\n<\/tr>\n<tr>\n<td width=\"56\">PI<\/td>\n<td width=\"142\">30,6%<\/td>\n<\/tr>\n<tr>\n<td width=\"56\">RN<\/td>\n<td width=\"142\">36,9%<\/td>\n<\/tr>\n<tr>\n<td width=\"56\">AM<\/td>\n<td width=\"142\">42,2%<\/td>\n<\/tr>\n<tr>\n<td width=\"56\">MT<\/td>\n<td width=\"142\">60,5%<\/td>\n<\/tr>\n<tr>\n<td width=\"56\">SE<\/td>\n<td width=\"142\">65,7%<\/td>\n<\/tr>\n<tr>\n<td width=\"56\">MS<\/td>\n<td width=\"142\">75,7%<\/td>\n<\/tr>\n<tr>\n<td width=\"56\">AL<\/td>\n<td width=\"142\">60,7%<\/td>\n<\/tr>\n<tr>\n<td width=\"56\">RO<\/td>\n<td width=\"142\">66,6%<\/td>\n<\/tr>\n<tr>\n<td width=\"56\">TO<\/td>\n<td width=\"142\">61,5%<\/td>\n<\/tr>\n<tr>\n<td width=\"56\">RR<\/td>\n<td width=\"142\">60%<\/td>\n<\/tr>\n<tr>\n<td width=\"56\">AP<\/td>\n<td width=\"142\">20%<\/td>\n<\/tr>\n<\/tbody>\n<\/table>\n<p><span style=\"color: #23282d;font-size: 1.4em;font-weight: 600;text-align: justify\">Desafios<\/span><\/p>\n<p style=\"text-align: justify\">&#8220;Com a decreta\u00e7\u00e3o das medidas de enfrentamento da COVID-19, iniciamos um trabalho intenso de transforma\u00e7\u00e3o do nosso cl\u00e1ssico encontro cient\u00edfico bienal em um evento completamente diferente, virtual, interativo e aproximadamente 50% menor do que os eventos presenciais. Faz\u00ea-lo menor foi necess\u00e1rio para adaptar a linguagem das aulas ao modelo virtual sem desgastar o congressista que est\u00e1 em frente \u00e0 tela, o que refor\u00e7a o nosso compromisso de oferecer o que existe de mais atual em Pneumologia, adaptando ao cen\u00e1rio do Brasil&#8221;, contou o Dr. M\u00e1rio Terra Filho, Presidente do Congresso Brasileiro de Pneumologia e Tisiologia 2020.<\/p>\n<p style=\"text-align: justify\">Al\u00e9m de manter a qualidade das aulas com redu\u00e7\u00e3o da grade, a organiza\u00e7\u00e3o precisou levar em conta os contratempos t\u00e9cnicos, trabalhando para evitar poss\u00edveis instabilidades na rede dos palestrantes.<\/p>\n<p style=\"text-align: justify\">Por outro lado, as apresenta\u00e7\u00f5es pr\u00e9-gravadas e com tempo reduzido entregaram conte\u00fados consistentes e possibilitaram maior interatividade.<\/p>\n<p style=\"text-align: justify\">A disponibilidade das aulas pelos pr\u00f3ximos 3 meses (at\u00e9 13\/01\/2021) na <u><a href=\"https:\/\/icongresso.sbpt.itarget.com.br\/\" target=\"_blank\" rel=\"noopener noreferrer\">plataforma<\/a><\/u> para assistir quantas vezes for necess\u00e1rio contribui para a difus\u00e3o da ci\u00eancia pneumol\u00f3gica.<\/p>\n<p style=\"text-align: center\"><a href=\"https:\/\/icongresso.sbpt.itarget.com.br\/\" target=\"_blank\" rel=\"noopener noreferrer\">Clique aqui para acessar o SBPT Virtual.<\/a><\/p>\n<p style=\"text-align: justify\">&#8220;No modelo virtual, o coordenador das mesas tamb\u00e9m assumiu mais fun\u00e7\u00f5es e se tornou o principal respons\u00e1vel pelo sucesso do di\u00e1logo entre o professor e o congressista&#8221;, ressaltou o Dr. M\u00e1rio Terra Filho, que tamb\u00e9m apresentou a confer\u00eancia nacional sobre &#8220;Hipertens\u00e3o Pulmonar Tromboemb\u00f3lica Cr\u00f4nica (HPTEC): diagn\u00f3stico e tratamento cir\u00fargico&#8221;.<\/p>\n<p style=\"text-align: justify\">Para o Presidente do Congresso, tamb\u00e9m aprendemos com alguns erros neste SBPT Virtual. &#8220;\u00c9 preciso divulgar melhor das instru\u00e7\u00f5es de acesso e cadastro, por exemplo&#8221;, citou o Dr. M\u00e1rio.<\/p>\n<p><a href=\"https:\/\/d1xe7tfg0uwul9.cloudfront.net\/sbpt-portal\/wp-content\/uploads\/2020\/10\/mario_terra_filho.png\"><img loading=\"lazy\" decoding=\"async\" class=\"aligncenter size-full wp-image-17498\" src=\"https:\/\/d1xe7tfg0uwul9.cloudfront.net\/sbpt-portal\/wp-content\/uploads\/2020\/10\/mario_terra_filho.png\" alt=\"\" width=\"600\" height=\"400\" srcset=\"https:\/\/d1xe7tfg0uwul9.cloudfront.net\/sbpt-portal\/wp-content\/uploads\/2020\/10\/mario_terra_filho.png 600w, https:\/\/d1xe7tfg0uwul9.cloudfront.net\/sbpt-portal\/wp-content\/uploads\/2020\/10\/mario_terra_filho-300x200.png 300w\" sizes=\"auto, (max-width: 600px) 100vw, 600px\" \/><\/a><\/p>\n<p style=\"text-align: center\">Dr. M\u00e1rio Terra Filho, Presidente do Congresso Brasileiro de Pneumologia e Tisiologia 2020 (SBPT Virtual)<\/p>\n<p style=\"text-align: justify\">Al\u00e9m do Dr. M\u00e1rio Terra Filho, toda a Diretoria participou ativamente da programa\u00e7\u00e3o e organiza\u00e7\u00e3o do Congresso: o Presidente da SBPT, Dr. Jos\u00e9 Miguel Chatkin; a Presidente Eleita, Dra. Irma de Godoy; o Secret\u00e1rio-Geral, Dr. Benedito Francisco Cabral Jr.; o Diretor Cient\u00edfico, Dr. Jos\u00e9 Ant\u00f4nio Baddini Martinez; o Diretor de Ensino, Dr. Alberto Cukier; o Diretor Financeiro, Dr. Luiz Paulo Pinheiro Loivos; a Diretora de Comunica\u00e7\u00e3o, Dra. Tatiana Galv\u00e3o; o Diretor de Defesa Profissional, Dr. Fl\u00e1vio Mendon\u00e7a Andrade da Silva; e o Editor do Jornal Brasileiro de Pneumologia, Dr. Bruno Guedes Baldi.<\/p>\n<h3>Formato das aulas<\/h3>\n<p style=\"text-align: justify\">O SBPT Virtual teve 100 aulas e mesas gravadas, 21 discuss\u00f5es ao vivo, 18 simp\u00f3sios sat\u00e9lites e 18 apresenta\u00e7\u00f5es de temas livres.<\/p>\n<p style=\"text-align: justify\">Na opini\u00e3o do Dr. F\u00e1bio Jos\u00e9 Fabr\u00edcio de Barros Souza, Presidente da Associa\u00e7\u00e3o Catarinense de Pneumologia e Tisiologia (<a href=\"http:\/\/www.acapti.org.br\/\" target=\"_blank\" rel=\"noopener noreferrer\">ACAPTI<\/a>), o tempo das palestras foi um dos pontos positivos do SBPT Virtual. &#8220;As aulas mais concisas permitiram discuss\u00f5es detalhadas e ricas&#8221;. O pneumologista coordenou a mesa\u00a0 &#8220;Atualiza\u00e7\u00f5es em Apneia Obstrutiva do Sono&#8221;.<\/p>\n<p style=\"text-align: justify\">A mesa ao vivo sobre &#8220;COVID-19: o que aprendemos seis meses depois&#8221; foi um dos destaques do evento pela grande quantidade de intera\u00e7\u00f5es ao vivo. Cerca de 19% dos participantes da mesa enviaram suas d\u00favidas e considera\u00e7\u00f5es.<\/p>\n<p style=\"text-align: justify\">A sala foi coordenada pelo Diretor de Ensino da SBPT, Dr. Alberto Cukier, com as participa\u00e7\u00f5es do coordenador da maior pesquisa epidemiol\u00f3gica sobre preval\u00eancia da COVID-19 no Brasil, Dr. Pedro Rodrigues Curi Hallal, da pneumologista, pesquisadora da Fiocruz e consultora do Minist\u00e9rio da Sa\u00fade, Dra. Margareth Maria Pretti Dalcolmo, e do coordenador das UTIs do Hospital das Cl\u00ednicas da Faculdade de Medicina da Universidade de S\u00e3o Paulo (HCFMUSP) e um dos coordenadores do Centro de Conting\u00eancia do coronav\u00edrus no estado de S\u00e3o Paulo, Dr. Carlos Roberto Ribeiro de Carvalho.<\/p>\n<figure id=\"attachment_17499\" aria-describedby=\"caption-attachment-17499\" style=\"width: 600px\" class=\"wp-caption aligncenter\"><a href=\"https:\/\/d1xe7tfg0uwul9.cloudfront.net\/sbpt-portal\/wp-content\/uploads\/2020\/10\/mesa_covid-1.png\"><img loading=\"lazy\" decoding=\"async\" class=\"wp-image-17499 size-full\" src=\"https:\/\/d1xe7tfg0uwul9.cloudfront.net\/sbpt-portal\/wp-content\/uploads\/2020\/10\/mesa_covid-1.png\" alt=\"\" width=\"600\" height=\"300\" srcset=\"https:\/\/d1xe7tfg0uwul9.cloudfront.net\/sbpt-portal\/wp-content\/uploads\/2020\/10\/mesa_covid-1.png 600w, https:\/\/d1xe7tfg0uwul9.cloudfront.net\/sbpt-portal\/wp-content\/uploads\/2020\/10\/mesa_covid-1-300x150.png 300w\" sizes=\"auto, (max-width: 600px) 100vw, 600px\" \/><\/a><figcaption id=\"caption-attachment-17499\" class=\"wp-caption-text\">Mesa sobre a COVID-19 teve 460 participantes e 87 intera\u00e7\u00f5es ao vivo.<\/figcaption><\/figure>\n<h3 style=\"text-align: justify\">Trabalhos cient\u00edficos<\/h3>\n<p style=\"text-align: justify\">A apresenta\u00e7\u00e3o, avalia\u00e7\u00e3o e intera\u00e7\u00e3o com os e-p\u00f4steres no modelo virtual\u00a0 tamb\u00e9m foram processos inovadores para os autores e para a plateia. Ao todo, foram 402 trabalhos aprovados, sendo 18 selecionados para a sala ao vivo de Temas Livres, assistidos por 722 pessoas.<\/p>\n<p style=\"text-align: justify\">Para incentivar futuros estudos, a SBPT vai premiar os autores dos melhores trabalhos, julgados por uma banca espec\u00edfica para tal:<\/p>\n<p style=\"text-align: justify\"><strong>1\u00ba lugar<\/strong> &#8211; Ouro: inscri\u00e7\u00e3o nos Congressos SBPT 2021, passagem a\u00e9rea e hospedagem.<br \/>\n<strong>2\u00ba lugar<\/strong> &#8211; Prata: inscri\u00e7\u00e3o nos Congressos SBPT 2021 e hospedagem.<br \/>\n<strong>3\u00ba lugar<\/strong> &#8211; Bronze: inscri\u00e7\u00e3o nos Congressos SBPT 2021.<\/p>\n<h3>Trabalhos premiados<\/h3>\n<p style=\"text-align: justify\"><strong>1\u00ba lugar &#8211; Protocolo Check Lung: Agregando valor ao rastreamento de c\u00e2ncer de pulm\u00e3o por Tomografia Computadorizada.<\/strong><\/p>\n<p style=\"text-align: justify\">Autores: Bruno Hochhegger; Juliane Nascimento de Mattos; Spencer Marcantonio Camargo; Adalberto Sperb Rubin; Manuela Zereu; Carlos Eugenio.<\/p>\n<p style=\"text-align: justify\"><strong>2\u00ba lugar \u2013 Acur\u00e1cia do Gene Xpert.<\/strong><\/p>\n<p style=\"text-align: justify\">Autores: Luana de Souza Andrade; Ana Paula Gomes dos Santos; Fernanda Carvalho de Queiroz Mello.<\/p>\n<p style=\"text-align: justify\"><strong>3\u00ba lugar &#8211;<\/strong> <strong>Defeito perfusional residual p\u00f3s-terapia anticoagulante na tromboembolia pulmonar: preditores e qualidade de vida.<\/strong><\/p>\n<p style=\"text-align: justify\">Autores: Vanessa Carvalho do Lago; Helena Ribeiro Aiello Amat; K\u00e1tia Hiromoto Koga; S\u00f4nia Marta Moriguchi; F\u00e1bio Kendi Yamauchi; Hugo Hyung.<\/p>\n<p style=\"text-align: justify\"><strong>Men\u00e7\u00e3o honrosa &#8211; Imunoterapia intrapleural em modelo experimental de adenocarcinoma de pulm\u00e3o com muta\u00e7\u00e3o do KRAS.<\/strong><\/p>\n<p style=\"text-align: justify\">Autores: Philippe de Figueiredo Braga Colares; Lisete Ribeiro Teixeira; Aline Gra\u00e7as Pereira Silva; Amanda Cabral Roque; Carlos Sergio Rocha Silva; Milena Marques Pagliarelli Acencio.<\/p>\n<p style=\"text-align: justify\">&#8220;A sala de temas livres \u00e9 importante para novos pesquisadores difundirem conhecimento e para novos associados se integrarem \u00e0s atividades da SBPT. A apresenta\u00e7\u00e3o no modelo virtual fluiu bem, os autores ficaram mais tranquilos&#8221;, opina a Presidente da SBPT bi\u00eanio 2021-2022, Dra.\u00a0 Irma de Godoy.<\/p>\n<p style=\"text-align: center\"><a href=\"http:\/\/www.jornaldepneumologia.com.br\/detalhe_suplemento.asp?id=107\" target=\"_blank\" rel=\"noopener noreferrer\">Acesse aqui os Anais do Congresso Brasileiro de Pneumologia e Tisiologia 2020<\/a><\/p>\n<h3>Agradecimentos<\/h3>\n<p style=\"text-align: justify\">A SBPT agradece a todos que participaram, trabalharam e ajudaram no sucesso do SBPT Virtual, especialmente, aos patrocinadores Diamante, que subsidiaram as inscri\u00e7\u00f5es dos congressistas: Boheringer Ingelheim, Chiesi e GSK.<\/p>\n<p style=\"text-align: justify\">Agradecemos tamb\u00e9m aos patrocinadores ouro: Ach\u00e9, AstraZeneca, Bayer, Sanofi, Janssen, Glenmark; patrocinadores prata: Roche e Vertex e patrocinadores bronze: Abbott, Biologix, Qiagen, Vyaire e Zodiac.<\/p>\n<p style=\"text-align: justify\">Ressaltamos nossa admira\u00e7\u00e3o e respeito pelas equipes que trabalharam de plant\u00e3o neste evento: nossos colaboradores \u2013 Jadir Oliveira, Gerente Executivo; Isabela Felizatto, Gerente de Assuntos Cient\u00edficos; Iane Vieira, Coordenadora de Eventos; Paulo C\u00e9sar Campos, Assistente de Inform\u00e1tica e Igor Braz, Assistente Administrativo.<\/p>\n<p style=\"text-align: justify\">Nossos agradecimentos \u00e0 produtora de audiovisual Unimagem: Jorge Carrozza, Andr\u00e9 Brianti, Evaldo Abreu, Bruno Almeida e Thiago Areco. E \u00e0 empresa de tecnologia iTarget: Emanuel Andrade, Wlisses Bruno, Thomaz Kutlak, Roberta Moreira e Leonardo Dantas.<\/p>\n<figure id=\"attachment_17511\" aria-describedby=\"caption-attachment-17511\" style=\"width: 600px\" class=\"wp-caption aligncenter\"><a href=\"https:\/\/d1xe7tfg0uwul9.cloudfront.net\/sbpt-portal\/wp-content\/uploads\/2020\/10\/col_sbpt.jpg\"><img loading=\"lazy\" decoding=\"async\" class=\"wp-image-17511 size-full\" src=\"https:\/\/d1xe7tfg0uwul9.cloudfront.net\/sbpt-portal\/wp-content\/uploads\/2020\/10\/col_sbpt.jpg\" alt=\"\" width=\"600\" height=\"450\" srcset=\"https:\/\/d1xe7tfg0uwul9.cloudfront.net\/sbpt-portal\/wp-content\/uploads\/2020\/10\/col_sbpt.jpg 600w, https:\/\/d1xe7tfg0uwul9.cloudfront.net\/sbpt-portal\/wp-content\/uploads\/2020\/10\/col_sbpt-300x225.jpg 300w\" sizes=\"auto, (max-width: 600px) 100vw, 600px\" \/><\/a><figcaption id=\"caption-attachment-17511\" class=\"wp-caption-text\">Equipe SBPT<\/figcaption><\/figure>\n<figure id=\"attachment_17506\" aria-describedby=\"caption-attachment-17506\" style=\"width: 640px\" class=\"wp-caption aligncenter\"><a href=\"https:\/\/d1xe7tfg0uwul9.cloudfront.net\/sbpt-portal\/wp-content\/uploads\/2020\/10\/Equipe-Unimagem-Congresso-1.jpg\"><img loading=\"lazy\" decoding=\"async\" class=\"wp-image-17506 size-large\" src=\"https:\/\/d1xe7tfg0uwul9.cloudfront.net\/sbpt-portal\/wp-content\/uploads\/2020\/10\/Equipe-Unimagem-Congresso-1-1024x682.jpg\" alt=\"\" width=\"640\" height=\"426\" srcset=\"https:\/\/d1xe7tfg0uwul9.cloudfront.net\/sbpt-portal\/wp-content\/uploads\/2020\/10\/Equipe-Unimagem-Congresso-1-1024x682.jpg 1024w, https:\/\/d1xe7tfg0uwul9.cloudfront.net\/sbpt-portal\/wp-content\/uploads\/2020\/10\/Equipe-Unimagem-Congresso-1-300x200.jpg 300w, https:\/\/d1xe7tfg0uwul9.cloudfront.net\/sbpt-portal\/wp-content\/uploads\/2020\/10\/Equipe-Unimagem-Congresso-1-768x512.jpg 768w, https:\/\/d1xe7tfg0uwul9.cloudfront.net\/sbpt-portal\/wp-content\/uploads\/2020\/10\/Equipe-Unimagem-Congresso-1.jpg 1280w\" sizes=\"auto, (max-width: 640px) 100vw, 640px\" \/><\/a><figcaption id=\"caption-attachment-17506\" class=\"wp-caption-text\">Equipe Unimagem<\/figcaption><\/figure>\n<h3>Eventos futuros<\/h3>\n<p style=\"text-align: justify\">O 40\u00ba Congresso Brasileiro de Pneumologia e Tisiologia foi adiado para 2022 e ocorrer\u00e1 em Campinas (SP), enquanto o 41\u00ba Congresso Brasileiro de Pneumologia e Tisiologia ser\u00e1 realizado em Florian\u00f3polis (SC), em 2024, ap\u00f3s acordo da Diretoria com os respectivos Presidentes das Sociedades Estaduais de S\u00e3o Paulo (SPPT), Dr. Frederico Leon Arrabal Fernandes, e Santa Catarina (ACAPTI), Dr. F\u00e1bio Jos\u00e9 Fabr\u00edcio de Barros Souza.<\/p>\n<p style=\"text-align: justify\">Em 2021, a Presidente da SBPT, Dra. Irma de Godoy, espera poder retomar os eventos presenciais na SBPT. Mas, segundo ela, isso depende muito da situa\u00e7\u00e3o epidemiol\u00f3gica da COVID-19 no Brasil. &#8220;Modelos alternativos est\u00e3o sendo avaliados para o retorno do formato presencial&#8221;, planeja a Presidente.<\/p>\n<!-- AddThis Advanced Settings generic via filter on the_content --><!-- AddThis Share Buttons generic via filter on the_content -->","protected":false},"excerpt":{"rendered":"<p>O SBPT Virtual reuniu 3.320 participantes, entre 10 e 12 de outubro de 2020. As inscri\u00e7\u00f5es e as aulas est\u00e3o dispon\u00edveis at\u00e9 13\/01\/2021. Pela primeira vez, a SBPT realizou um Congresso Brasileiro de Pneumologia e Tisiologia transmitido integralmente pela internet. Durante os 3 dias de evento, foram 11.618 acessos individuais \u00e0s mesas redondas, temas livres [&hellip;]<!-- AddThis Advanced Settings generic via filter on get_the_excerpt --><!-- AddThis Share Buttons generic via filter on get_the_excerpt --><\/p>\n","protected":false},"author":3,"featured_media":17551,"comment_status":"closed","ping_status":"open","sticky":false,"template":"","format":"standard","meta":{"_acf_changed":false,"ngg_post_thumbnail":0,"footnotes":""},"categories":[68],"tags":[851],"class_list":["post-17370","post","type-post","status-publish","format-standard","has-post-thumbnail","hentry","category-noticias","tag-sbpt-virtual"],"acf":[],"_links":{"self":[{"href":"https:\/\/sbpt.org.br\/portal\/wp-json\/wp\/v2\/posts\/17370","targetHints":{"allow":["GET"]}}],"collection":[{"href":"https:\/\/sbpt.org.br\/portal\/wp-json\/wp\/v2\/posts"}],"about":[{"href":"https:\/\/sbpt.org.br\/portal\/wp-json\/wp\/v2\/types\/post"}],"author":[{"embeddable":true,"href":"https:\/\/sbpt.org.br\/portal\/wp-json\/wp\/v2\/users\/3"}],"replies":[{"embeddable":true,"href":"https:\/\/sbpt.org.br\/portal\/wp-json\/wp\/v2\/comments?post=17370"}],"version-history":[{"count":0,"href":"https:\/\/sbpt.org.br\/portal\/wp-json\/wp\/v2\/posts\/17370\/revisions"}],"wp:featuredmedia":[{"embeddable":true,"href":"https:\/\/sbpt.org.br\/portal\/wp-json\/wp\/v2\/media\/17551"}],"wp:attachment":[{"href":"https:\/\/sbpt.org.br\/portal\/wp-json\/wp\/v2\/media?parent=17370"}],"wp:term":[{"taxonomy":"category","embeddable":true,"href":"https:\/\/sbpt.org.br\/portal\/wp-json\/wp\/v2\/categories?post=17370"},{"taxonomy":"post_tag","embeddable":true,"href":"https:\/\/sbpt.org.br\/portal\/wp-json\/wp\/v2\/tags?post=17370"}],"curies":[{"name":"wp","href":"https:\/\/api.w.org\/{rel}","templated":true}]}}