{"id":15693,"date":"2020-06-01T17:01:03","date_gmt":"2020-06-01T17:01:03","guid":{"rendered":"https:\/\/sbpt.org.br\/portal\/?p=15693"},"modified":"2020-06-01T17:01:03","modified_gmt":"2020-06-01T17:01:03","slug":"eleicao-diretoria-sbpt-2023-2024","status":"publish","type":"post","link":"https:\/\/sbpt.org.br\/portal\/eleicao-diretoria-sbpt-2023-2024\/","title":{"rendered":"SBPT publica as regras da Elei\u00e7\u00e3o de Diretoria bi\u00eanio 2023-2024"},"content":{"rendered":"<p><em>Bras\u00edlia, 26 de maio de 2020.<\/em><\/p>\n<p style=\"text-align: justify\">A Sociedade Brasileira de Pneumologia e Tisiologia divulga as regras de candidatura de chapas para a elei\u00e7\u00e3o da Diretoria bi\u00eanio 2023-2024.<\/p>\n<p style=\"text-align: justify\">A vota\u00e7\u00e3o ser\u00e1 aberta 30 dias antes da assembleia geral, dia 09\/09\/2020 e finalizada 12h do dia 08\/10\/2020.<\/p>\n<h4 style=\"text-align: center\"><a href=\"https:\/\/sbpt.org.br\/portal\/\/area-do-associado\/\" target=\"_blank\" rel=\"noopener noreferrer\"><strong>Entre na \u00c1rea do Associado para votar.<\/strong><\/a><\/h4>\n<p style=\"text-align: justify\">As chapas contendo os nomes e as assinaturas de todos os candidatos dever\u00e3o ser encaminhadas \u00e0 Secretaria da SBPT, em sua sede de Bras\u00edlia\/DF, por carta ou outros meios de comunica\u00e7\u00e3o pass\u00edveis de comprova\u00e7\u00e3o dos candidatos e do recebimento pela SBPT <strong>at\u00e9 o dia 11 de <\/strong><strong>agosto de 2020<\/strong>, valendo a data de envio.<\/p>\n<p style=\"text-align: justify\">Para inscri\u00e7\u00e3o da chapa, todos os componentes dever\u00e3o ser s\u00f3cios da SBPT, estar adimplentes e ter o T\u00edtulo de Especialista emitido pela SBPT\/AMB (ressalvados os t\u00edtulos emitidos antes de 15\/04\/1989, por servi\u00e7o de resid\u00eancia oficial reconhecido pelo CNRM).<\/p>\n<p style=\"text-align: justify\">Para votar, \u00e9 necess\u00e1rio estar quite com a SBPT nos \u00faltimos dois anos. Por isso, o prazo de acerto foi prorrogado para 08\/09\/2020, um dia antes da abertura das elei\u00e7\u00f5es.<\/p>\n<blockquote><p><a href=\"https:\/\/sbpt.org.br\/portal\/\/candidatos-diretoria\/\" target=\"_blank\" rel=\"noopener noreferrer\">Atualiza\u00e7\u00e3o: clique aqui para conhecer as chapas inscritas.<\/a><\/p><\/blockquote>\n<p style=\"text-align: justify\">Al\u00e9m disso, \u00e9 poss\u00edvel dividir em 2x sem juros no cart\u00e3o (para uma anuidade) e em at\u00e9 4x (para duas anuidades). O acerto da anuidade de 2020 pode ser feito pelo site, na \u00c1rea do Associado. Para acertar os valores de 2019+2020, entre em contato pelo e-mail financeiro@sbpt.org.br.<\/p>\n<p><strong>Cronograma<\/strong><\/p>\n<p style=\"text-align: justify\"><strong>I &#8211; Inscri\u00e7\u00e3o das chapas &#8211; at\u00e9 o dia 11\/08\/2020<\/strong>.<br \/>\nAs chapas ter\u00e3o 60 dias antes da assembleia geral para se inscreverem, conforme o Estatuto da SBPT. O prazo termina no dia 11\/08\/2020.<br \/>\n<strong><br \/>\nII &#8211; Abertura da vota\u00e7\u00e3o &#8211; dia 09\/09, \u00e0s 8h.<\/strong><br \/>\nIn\u00edcio da vota\u00e7\u00e3o eletr\u00f4nica no site da SBPT (hor\u00e1rio de Bras\u00edlia).<\/p>\n<p><strong>III &#8211; T\u00e9rmino da vota\u00e7\u00e3o &#8211; dia 08\/10\/2020, \u00e0s 12h.<\/strong><br \/>\nFechamento do sistema \u00e0s 12h (hor\u00e1rio de Bras\u00edlia).<\/p>\n<p><strong>IV &#8211; Apura\u00e7\u00e3o dos resultados &#8211; dia 09\/10\/2020.<\/strong><br \/>\nApura\u00e7\u00e3o dos resultados em reuni\u00e3o da comiss\u00e3o eleitoral juntamente com o Presidente da SBPT e representantes das chapas concorrentes.<\/p>\n<p style=\"text-align: justify\">V &#8211; Divulga\u00e7\u00e3o e Homologa\u00e7\u00e3o dos resultados &#8211; dia 09\/10\/2020, em Assembleia Geral.<\/p>\n<p style=\"text-align: justify\"><strong><em>Adendo I: na ocorr\u00eancia de qualquer situa\u00e7\u00e3o n\u00e3o prevista por este edital, a Comiss\u00e3o Eleitoral avaliar\u00e1 e divulgar\u00e1 as a\u00e7\u00f5es a serem seguidas.<\/em><\/strong><\/p>\n<p style=\"text-align: justify\"><em><strong>Adendo II: conforme determina\u00e7\u00e3o estatut\u00e1ria, Art.13, al\u00ednea a; e Arts. 15 e 17, <span style=\"background-color: #ff0000;color: #ffffff\">s\u00f3 podem votar para elei\u00e7\u00e3o da Diretoria os s\u00f3cios que estiverem adimplentes (nos \u00faltimos dois anos) com as obriga\u00e7\u00f5es junto \u00e0 SBPT.<\/span> Fica ent\u00e3o definida a data limite de 08 de setembro de 2020 para a quita\u00e7\u00e3o de eventuais inadimpl\u00eancias, particularmente anuidades, por parte dos s\u00f3cios. Os que n\u00e3o a fizerem at\u00e9 este dia, n\u00e3o ser\u00e3o aptos a votar para a Diretoria 2023-2024.<\/strong><\/em><\/p>\n<p><a href=\"https:\/\/d1xe7tfg0uwul9.cloudfront.net\/sbpt-portal\/wp-content\/uploads\/2020\/08\/REGULAMENTO-ELEI\u00c7\u00c3O-SBPT-2020_07082020.pdf\" target=\"_blank\" rel=\"noopener noreferrer\">Clique aqui para conferir todas as regras.<\/a><\/p>\n<!-- AddThis Advanced Settings generic via filter on the_content --><!-- AddThis Share Buttons generic via filter on the_content -->","protected":false},"excerpt":{"rendered":"<p>Bras\u00edlia, 26 de maio de 2020. A Sociedade Brasileira de Pneumologia e Tisiologia divulga as regras de candidatura de chapas para a elei\u00e7\u00e3o da Diretoria bi\u00eanio 2023-2024. A vota\u00e7\u00e3o ser\u00e1 aberta 30 dias antes da assembleia geral, dia 09\/09\/2020 e finalizada 12h do dia 08\/10\/2020. Entre na \u00c1rea do Associado para votar. As chapas contendo [&hellip;]<!-- AddThis Advanced Settings generic via filter on get_the_excerpt --><!-- AddThis Share Buttons generic via filter on get_the_excerpt --><\/p>\n","protected":false},"author":3,"featured_media":12084,"comment_status":"closed","ping_status":"open","sticky":false,"template":"","format":"standard","meta":{"_acf_changed":false,"ngg_post_thumbnail":0,"footnotes":""},"categories":[68],"tags":[],"class_list":["post-15693","post","type-post","status-publish","format-standard","has-post-thumbnail","hentry","category-noticias"],"acf":[],"_links":{"self":[{"href":"https:\/\/sbpt.org.br\/portal\/wp-json\/wp\/v2\/posts\/15693","targetHints":{"allow":["GET"]}}],"collection":[{"href":"https:\/\/sbpt.org.br\/portal\/wp-json\/wp\/v2\/posts"}],"about":[{"href":"https:\/\/sbpt.org.br\/portal\/wp-json\/wp\/v2\/types\/post"}],"author":[{"embeddable":true,"href":"https:\/\/sbpt.org.br\/portal\/wp-json\/wp\/v2\/users\/3"}],"replies":[{"embeddable":true,"href":"https:\/\/sbpt.org.br\/portal\/wp-json\/wp\/v2\/comments?post=15693"}],"version-history":[{"count":0,"href":"https:\/\/sbpt.org.br\/portal\/wp-json\/wp\/v2\/posts\/15693\/revisions"}],"wp:featuredmedia":[{"embeddable":true,"href":"https:\/\/sbpt.org.br\/portal\/wp-json\/wp\/v2\/media\/12084"}],"wp:attachment":[{"href":"https:\/\/sbpt.org.br\/portal\/wp-json\/wp\/v2\/media?parent=15693"}],"wp:term":[{"taxonomy":"category","embeddable":true,"href":"https:\/\/sbpt.org.br\/portal\/wp-json\/wp\/v2\/categories?post=15693"},{"taxonomy":"post_tag","embeddable":true,"href":"https:\/\/sbpt.org.br\/portal\/wp-json\/wp\/v2\/tags?post=15693"}],"curies":[{"name":"wp","href":"https:\/\/api.w.org\/{rel}","templated":true}]}}