{"id":12141,"date":"2019-03-27T17:21:46","date_gmt":"2019-03-27T17:21:46","guid":{"rendered":"https:\/\/sbpt.org.br\/portal\/?p=12141"},"modified":"2019-03-27T17:21:46","modified_gmt":"2019-03-27T17:21:46","slug":"tabagismo-cas-impostos","status":"publish","type":"post","link":"https:\/\/sbpt.org.br\/portal\/tabagismo-cas-impostos\/","title":{"rendered":"Controle do tabagismo: Brasil avan\u00e7a um passo e amea\u00e7a retroceder outro"},"content":{"rendered":"<p style=\"text-align: justify\">Nesta semana, as sociedades de sa\u00fade, acad\u00eamicos e ativistas contra o tabagismo comemoraram a recente aprova\u00e7\u00e3o do Projeto de Lei do Senado (PLS) <a href=\"https:\/\/www25.senado.leg.br\/web\/atividade\/materias\/-\/materia\/124339\" target=\"_blank\" rel=\"noopener\">769\/2015<\/a> e&nbsp;receberam com preocupa\u00e7\u00e3o a not\u00edcia de que o Governo Federal pode reduzir a tributa\u00e7\u00e3o sobre produtos derivados do tabaco.<\/p>\n<p style=\"text-align: justify\">O PLS, que prop\u00f5e a padroniza\u00e7\u00e3o das embalagens de cigarros, pro\u00edbe aditivos e multa quem fumar dentro do carro na presen\u00e7a de adolescentes, segue agora&nbsp;para an\u00e1lise da Comiss\u00e3o de Agricultura e Reforma Agricultura (CRA) e, por fim, da Comiss\u00e3o de Constitui\u00e7\u00e3o, Justi\u00e7a e Cidadania (CCJ).<\/p>\n<p style=\"text-align: justify\">Ao mesmo tempo, o Minist\u00e9rio da Justi\u00e7a e Seguran\u00e7a P\u00fablica anunciou que vai se reunir com representantes da Pol\u00edcia Federal, Secretaria Nacional do Consumidor, Assessoria Especial de Assuntos Legislativos, Minist\u00e9rio da Economia e da Sa\u00fade com a ideia de baixar os impostos &#8220;para reduzir o contrabando&#8221;.<\/p>\n<p style=\"text-align: justify\">O retorno sobre essa reuni\u00e3o deve vir no prazo de 90 dias.<\/p>\n<p>Enquanto isso, a&nbsp;Sociedade Brasileira de Pneumologia e Tisiologia sugere o apoio ao abaixo-assinado do Movimento Todos Juntos Contra o C\u00e2ncer, contr\u00e1rio \u00e0 redu\u00e7\u00e3o dos impostos sobre os produtos. <a href=\"https:\/\/www.change.org\/p\/ministro-sergio-moro-somos-contr%C3%A1rios-a-redu%C3%A7%C3%A3o-de-impostos-sobre-o-cigarro\" target=\"_blank\" rel=\"noopener\">Clique na imagem para assinar a peti\u00e7\u00e3o:<\/a><\/p>\n<p style=\"text-align: justify\"><a href=\"https:\/\/www.change.org\/p\/ministro-sergio-moro-somos-contr%C3%A1rios-a-redu%C3%A7%C3%A3o-de-impostos-sobre-o-cigarro\" target=\"_blank\" rel=\"noopener\"><img loading=\"lazy\" decoding=\"async\" class=\"aligncenter wp-image-12142 size-medium\" src=\"https:\/\/d1xe7tfg0uwul9.cloudfront.net\/sbpt-portal\/wp-content\/uploads\/2019\/03\/contra-cancer-300x219.png\" alt=\"\" width=\"300\" height=\"219\" srcset=\"https:\/\/d1xe7tfg0uwul9.cloudfront.net\/sbpt-portal\/wp-content\/uploads\/2019\/03\/contra-cancer-300x219.png 300w, https:\/\/d1xe7tfg0uwul9.cloudfront.net\/sbpt-portal\/wp-content\/uploads\/2019\/03\/contra-cancer.png 350w\" sizes=\"auto, (max-width: 300px) 100vw, 300px\" \/><\/a>O consumo de cigarro est\u00e1 relacionado a diversos tipos de c\u00e2ncer e pode causar mais de 60 tipos de doen\u00e7as, al\u00e9m de depend\u00eancia f\u00edsica e ps\u00edquica da nicotina.<\/p>\n<!-- AddThis Advanced Settings generic via filter on the_content --><!-- AddThis Share Buttons generic via filter on the_content -->","protected":false},"excerpt":{"rendered":"<p>Nesta semana, as sociedades de sa\u00fade, acad\u00eamicos e ativistas contra o tabagismo comemoraram a recente aprova\u00e7\u00e3o do Projeto de Lei do Senado (PLS) 769\/2015 e&nbsp;receberam com preocupa\u00e7\u00e3o a not\u00edcia de que o Governo Federal pode reduzir a tributa\u00e7\u00e3o sobre produtos derivados do tabaco. O PLS, que prop\u00f5e a padroniza\u00e7\u00e3o das embalagens de cigarros, pro\u00edbe aditivos [&hellip;]<!-- AddThis Advanced Settings generic via filter on get_the_excerpt --><!-- AddThis Share Buttons generic via filter on get_the_excerpt --><\/p>\n","protected":false},"author":3,"featured_media":12142,"comment_status":"closed","ping_status":"open","sticky":false,"template":"","format":"standard","meta":{"_acf_changed":false,"ngg_post_thumbnail":0,"footnotes":""},"categories":[68],"tags":[403,545,31,377,34,468,91],"class_list":["post-12141","post","type-post","status-publish","format-standard","has-post-thumbnail","hentry","category-noticias","tag-nicotina","tag-pls-769-2015","tag-pneumologia","tag-saude","tag-sbpt","tag-tabaco","tag-tabagismo"],"acf":[],"_links":{"self":[{"href":"https:\/\/sbpt.org.br\/portal\/wp-json\/wp\/v2\/posts\/12141","targetHints":{"allow":["GET"]}}],"collection":[{"href":"https:\/\/sbpt.org.br\/portal\/wp-json\/wp\/v2\/posts"}],"about":[{"href":"https:\/\/sbpt.org.br\/portal\/wp-json\/wp\/v2\/types\/post"}],"author":[{"embeddable":true,"href":"https:\/\/sbpt.org.br\/portal\/wp-json\/wp\/v2\/users\/3"}],"replies":[{"embeddable":true,"href":"https:\/\/sbpt.org.br\/portal\/wp-json\/wp\/v2\/comments?post=12141"}],"version-history":[{"count":0,"href":"https:\/\/sbpt.org.br\/portal\/wp-json\/wp\/v2\/posts\/12141\/revisions"}],"wp:featuredmedia":[{"embeddable":true,"href":"https:\/\/sbpt.org.br\/portal\/wp-json\/wp\/v2\/media\/12142"}],"wp:attachment":[{"href":"https:\/\/sbpt.org.br\/portal\/wp-json\/wp\/v2\/media?parent=12141"}],"wp:term":[{"taxonomy":"category","embeddable":true,"href":"https:\/\/sbpt.org.br\/portal\/wp-json\/wp\/v2\/categories?post=12141"},{"taxonomy":"post_tag","embeddable":true,"href":"https:\/\/sbpt.org.br\/portal\/wp-json\/wp\/v2\/tags?post=12141"}],"curies":[{"name":"wp","href":"https:\/\/api.w.org\/{rel}","templated":true}]}}